{
    "id": 2792,
    "date": "2022-11-09T11:31:14",
    "date_gmt": "2022-11-09T09:31:14",
    "guid": {
        "rendered": "https:\/\/visitoulu.fi\/?page_id=2792"
    },
    "modified": "2025-08-25T13:50:50",
    "modified_gmt": "2025-08-25T10:50:50",
    "slug": "tiedota-kongressista",
    "status": "publish",
    "type": "page",
    "link": "https:\/\/visitoulufi-2025-10-14_10_27_17.test.cchosting.fi\/fi\/tiedota-kongressista\/",
    "title": {
        "rendered": "Tiedota kongressista \/ kansainv\u00e4lisest\u00e4 kokouksesta"
    },
    "content": {
        "rendered": "<p><\/p>\n\n\n\n<blockquote class=\"wp-block-quote is-layout-flow wp-block-quote-is-layout-flow\">\n<p>Kiitos, ett\u00e4 ilmoititte meille kongressistanne tai kansainv\u00e4lisest\u00e4 konferenssistanne! Oulu Convention Bureau ker\u00e4\u00e4 tilastoja ja yll\u00e4pit\u00e4\u00e4 viestint\u00e4\u00e4 Oulussa j\u00e4rjestett\u00e4vist\u00e4 kansainv\u00e4lisist\u00e4 kokouksista ja konferensseista. Jos tapahtuma t\u00e4ytt\u00e4\u00e4 kansainv\u00e4lisen konferenssin kriteerit, v\u00e4lit\u00e4mme tiedot eteenp\u00e4in Finland Convention Bureaulle tilastointia varten. Halutessanne voitte my\u00f6s rekister\u00f6id\u00e4 konferenssin meille pelk\u00e4st\u00e4\u00e4n tilastointitarkoituksessa.<\/p>\n\n\n\n<p><\/p>\n<\/blockquote>\n\n\n\n<p><\/p>",
        "protected": false
    },
    "excerpt": {
        "rendered": "<p>Kiitos, ett\u00e4 ilmoititte meille kongressistanne tai kansainv\u00e4lisest\u00e4 konferenssistanne! Oulu Convention Bureau ker\u00e4\u00e4 tilastoja ja yll\u00e4pit\u00e4\u00e4 viestint\u00e4\u00e4 Oulussa j\u00e4rjestett\u00e4vist\u00e4 kansainv\u00e4lisist\u00e4 kokouksista ja konferensseista. Jos tapahtuma t\u00e4ytt\u00e4\u00e4 kansainv\u00e4lisen konferenssin kriteerit, v\u00e4lit\u00e4mme tiedot eteenp\u00e4in Finland Convention Bureaulle tilastointia varten. Halutessanne voitte my\u00f6s rekister\u00f6id\u00e4 konferenssin meille pelk\u00e4st\u00e4\u00e4n tilastointitarkoituksessa. [&#8230;]<\/p>\n<p><a class=\"btn btn-secondary understrap-read-more-link\" href=\"https:\/\/visitoulufi-2025-10-14_10_27_17.test.cchosting.fi\/fi\/tiedota-kongressista\/\">Lue lis\u00e4\u00e4&#8230;<span class=\"screen-reader-text\"> from Tiedota kongressista \/ kansainv\u00e4lisest\u00e4 kokouksesta<\/span><\/a><\/p>",
        "protected": false
    },
    "author": 15,
    "featured_media": 3167,
    "parent": 0,
    "menu_order": 0,
    "comment_status": "closed",
    "ping_status": "closed",
    "template": "",
    "meta": {
        "_acf_changed": false,
        "content-type": "",
        "footnotes": ""
    },
    "coauthors": [
        165,
        154,
        157
    ],
    "class_list": [
        "post-2792",
        "page",
        "type-page",
        "status-publish",
        "has-post-thumbnail",
        "hentry"
    ],
    "acf": [],
    "yoast_head": "<!-- This site is optimized with the Yoast SEO plugin v26.0 - https:\/\/yoast.com\/wordpress\/plugins\/seo\/ -->\n<title>Tiedota kongressista \/ kansainv\u00e4lisest\u00e4 kokouksesta - Visit Oulu<\/title>\n<meta name=\"robots\" content=\"index, follow, max-snippet:-1, max-image-preview:large, max-video-preview:-1\" \/>\n<link rel=\"canonical\" href=\"https:\/\/visitoulufi-2025-10-14_10_27_17.test.cchosting.fi\/fi\/tiedota-kongressista\/\" \/>\n<meta property=\"og:locale\" content=\"fi_FI\" \/>\n<meta property=\"og:type\" content=\"article\" \/>\n<meta property=\"og:title\" content=\"Tiedota kongressista \/ kansainv\u00e4lisest\u00e4 kokouksesta - Visit Oulu\" \/>\n<meta property=\"og:description\" content=\"Kiitos, ett\u00e4 ilmoititte meille kongressistanne tai kansainv\u00e4lisest\u00e4 konferenssistanne! Oulu Convention Bureau ker\u00e4\u00e4 tilastoja ja yll\u00e4pit\u00e4\u00e4 viestint\u00e4\u00e4 Oulussa j\u00e4rjestett\u00e4vist\u00e4 kansainv\u00e4lisist\u00e4 kokouksista ja konferensseista. Jos tapahtuma t\u00e4ytt\u00e4\u00e4 kansainv\u00e4lisen konferenssin kriteerit, v\u00e4lit\u00e4mme tiedot eteenp\u00e4in Finland Convention Bureaulle tilastointia varten. Halutessanne voitte my\u00f6s rekister\u00f6id\u00e4 konferenssin meille pelk\u00e4st\u00e4\u00e4n tilastointitarkoituksessa. [...]Lue lis\u00e4\u00e4... from Tiedota kongressista \/ kansainv\u00e4lisest\u00e4 kokouksesta\" \/>\n<meta property=\"og:url\" content=\"https:\/\/visitoulufi-2025-10-14_10_27_17.test.cchosting.fi\/fi\/tiedota-kongressista\/\" \/>\n<meta property=\"og:site_name\" content=\"Visit Oulu\" \/>\n<meta property=\"article:modified_time\" content=\"2025-08-25T10:50:50+00:00\" \/>\n<meta property=\"og:image\" content=\"https:\/\/visitoulufi-2025-10-14_10_27_17.test.cchosting.fi\/wp-content\/uploads\/2022\/10\/OCB_Herokuva2.jpg\" \/>\n\t<meta property=\"og:image:width\" content=\"2408\" \/>\n\t<meta property=\"og:image:height\" content=\"1080\" \/>\n\t<meta property=\"og:image:type\" content=\"image\/jpeg\" \/>\n<meta name=\"twitter:card\" content=\"summary_large_image\" \/>\n<meta name=\"twitter:label1\" content=\"Arvioitu lukuaika\" \/>\n\t<meta name=\"twitter:data1\" content=\"2 minuuttia\" \/>\n\t<meta name=\"twitter:label2\" content=\"Written by\" \/>\n\t<meta name=\"twitter:data2\" content=\"ocbuser ocbuser, Erika Neitola, Helena Pikkarainen\" \/>\n<script type=\"application\/ld+json\" class=\"yoast-schema-graph\">{\"@context\":\"https:\/\/schema.org\",\"@graph\":[{\"@type\":\"WebPage\",\"@id\":\"https:\/\/visitoulufi-2025-10-14_10_27_17.test.cchosting.fi\/tiedota-kongressista\/\",\"url\":\"https:\/\/visitoulufi-2025-10-14_10_27_17.test.cchosting.fi\/tiedota-kongressista\/\",\"name\":\"Tiedota kongressista \/ kansainv\u00e4lisest\u00e4 kokouksesta - Visit Oulu\",\"isPartOf\":{\"@id\":\"https:\/\/visitoulufi-2025-10-14_10_27_17.test.cchosting.fi\/#website\"},\"primaryImageOfPage\":{\"@id\":\"https:\/\/visitoulufi-2025-10-14_10_27_17.test.cchosting.fi\/tiedota-kongressista\/#primaryimage\"},\"image\":{\"@id\":\"https:\/\/visitoulufi-2025-10-14_10_27_17.test.cchosting.fi\/tiedota-kongressista\/#primaryimage\"},\"thumbnailUrl\":\"https:\/\/visitoulufi-2025-10-14_10_27_17.test.cchosting.fi\/wp-content\/uploads\/2022\/10\/OCB_Herokuva2.jpg\",\"datePublished\":\"2022-11-09T09:31:14+00:00\",\"dateModified\":\"2025-08-25T10:50:50+00:00\",\"breadcrumb\":{\"@id\":\"https:\/\/visitoulufi-2025-10-14_10_27_17.test.cchosting.fi\/tiedota-kongressista\/#breadcrumb\"},\"inLanguage\":\"fi\",\"potentialAction\":[{\"@type\":\"ReadAction\",\"target\":[\"https:\/\/visitoulufi-2025-10-14_10_27_17.test.cchosting.fi\/tiedota-kongressista\/\"]}]},{\"@type\":\"ImageObject\",\"inLanguage\":\"fi\",\"@id\":\"https:\/\/visitoulufi-2025-10-14_10_27_17.test.cchosting.fi\/tiedota-kongressista\/#primaryimage\",\"url\":\"https:\/\/visitoulufi-2025-10-14_10_27_17.test.cchosting.fi\/wp-content\/uploads\/2022\/10\/OCB_Herokuva2.jpg\",\"contentUrl\":\"https:\/\/visitoulufi-2025-10-14_10_27_17.test.cchosting.fi\/wp-content\/uploads\/2022\/10\/OCB_Herokuva2.jpg\",\"width\":2408,\"height\":1080},{\"@type\":\"BreadcrumbList\",\"@id\":\"https:\/\/visitoulufi-2025-10-14_10_27_17.test.cchosting.fi\/tiedota-kongressista\/#breadcrumb\",\"itemListElement\":[{\"@type\":\"ListItem\",\"position\":1,\"name\":\"Etusivu\",\"item\":\"https:\/\/visitoulufi-2025-10-14_10_27_17.test.cchosting.fi\/\"},{\"@type\":\"ListItem\",\"position\":2,\"name\":\"Tiedota kongressista \/ kansainv\u00e4lisest\u00e4 kokouksesta\"}]},{\"@type\":\"WebSite\",\"@id\":\"https:\/\/visitoulufi-2025-10-14_10_27_17.test.cchosting.fi\/#website\",\"url\":\"https:\/\/visitoulufi-2025-10-14_10_27_17.test.cchosting.fi\/\",\"name\":\"Visit Oulu\",\"description\":\"\",\"potentialAction\":[{\"@type\":\"SearchAction\",\"target\":{\"@type\":\"EntryPoint\",\"urlTemplate\":\"https:\/\/visitoulufi-2025-10-14_10_27_17.test.cchosting.fi\/?s={search_term_string}\"},\"query-input\":{\"@type\":\"PropertyValueSpecification\",\"valueRequired\":true,\"valueName\":\"search_term_string\"}}],\"inLanguage\":\"fi\"}]}<\/script>\n<!-- \/ Yoast SEO plugin. -->",
    "yoast_head_json": {
        "title": "Tiedota kongressista \/ kansainv\u00e4lisest\u00e4 kokouksesta - Visit Oulu",
        "robots": {
            "index": "index",
            "follow": "follow",
            "max-snippet": "max-snippet:-1",
            "max-image-preview": "max-image-preview:large",
            "max-video-preview": "max-video-preview:-1"
        },
        "canonical": "https:\/\/visitoulufi-2025-10-14_10_27_17.test.cchosting.fi\/fi\/tiedota-kongressista\/",
        "og_locale": "fi_FI",
        "og_type": "article",
        "og_title": "Tiedota kongressista \/ kansainv\u00e4lisest\u00e4 kokouksesta - Visit Oulu",
        "og_description": "Kiitos, ett\u00e4 ilmoititte meille kongressistanne tai kansainv\u00e4lisest\u00e4 konferenssistanne! Oulu Convention Bureau ker\u00e4\u00e4 tilastoja ja yll\u00e4pit\u00e4\u00e4 viestint\u00e4\u00e4 Oulussa j\u00e4rjestett\u00e4vist\u00e4 kansainv\u00e4lisist\u00e4 kokouksista ja konferensseista. Jos tapahtuma t\u00e4ytt\u00e4\u00e4 kansainv\u00e4lisen konferenssin kriteerit, v\u00e4lit\u00e4mme tiedot eteenp\u00e4in Finland Convention Bureaulle tilastointia varten. Halutessanne voitte my\u00f6s rekister\u00f6id\u00e4 konferenssin meille pelk\u00e4st\u00e4\u00e4n tilastointitarkoituksessa. [...]Lue lis\u00e4\u00e4... from Tiedota kongressista \/ kansainv\u00e4lisest\u00e4 kokouksesta",
        "og_url": "https:\/\/visitoulufi-2025-10-14_10_27_17.test.cchosting.fi\/fi\/tiedota-kongressista\/",
        "og_site_name": "Visit Oulu",
        "article_modified_time": "2025-08-25T10:50:50+00:00",
        "og_image": [
            {
                "width": 2408,
                "height": 1080,
                "url": "https:\/\/visitoulufi-2025-10-14_10_27_17.test.cchosting.fi\/wp-content\/uploads\/2022\/10\/OCB_Herokuva2.jpg",
                "type": "image\/jpeg"
            }
        ],
        "twitter_card": "summary_large_image",
        "twitter_misc": {
            "Arvioitu lukuaika": "2 minuuttia",
            "Written by": "ocbuser ocbuser, Erika Neitola, Helena Pikkarainen"
        },
        "schema": {
            "@context": "https:\/\/schema.org",
            "@graph": [
                {
                    "@type": "WebPage",
                    "@id": "https:\/\/visitoulufi-2025-10-14_10_27_17.test.cchosting.fi\/tiedota-kongressista\/",
                    "url": "https:\/\/visitoulufi-2025-10-14_10_27_17.test.cchosting.fi\/tiedota-kongressista\/",
                    "name": "Tiedota kongressista \/ kansainv\u00e4lisest\u00e4 kokouksesta - Visit Oulu",
                    "isPartOf": {
                        "@id": "https:\/\/visitoulufi-2025-10-14_10_27_17.test.cchosting.fi\/#website"
                    },
                    "primaryImageOfPage": {
                        "@id": "https:\/\/visitoulufi-2025-10-14_10_27_17.test.cchosting.fi\/tiedota-kongressista\/#primaryimage"
                    },
                    "image": {
                        "@id": "https:\/\/visitoulufi-2025-10-14_10_27_17.test.cchosting.fi\/tiedota-kongressista\/#primaryimage"
                    },
                    "thumbnailUrl": "https:\/\/visitoulufi-2025-10-14_10_27_17.test.cchosting.fi\/wp-content\/uploads\/2022\/10\/OCB_Herokuva2.jpg",
                    "datePublished": "2022-11-09T09:31:14+00:00",
                    "dateModified": "2025-08-25T10:50:50+00:00",
                    "breadcrumb": {
                        "@id": "https:\/\/visitoulufi-2025-10-14_10_27_17.test.cchosting.fi\/tiedota-kongressista\/#breadcrumb"
                    },
                    "inLanguage": "fi",
                    "potentialAction": [
                        {
                            "@type": "ReadAction",
                            "target": [
                                "https:\/\/visitoulufi-2025-10-14_10_27_17.test.cchosting.fi\/tiedota-kongressista\/"
                            ]
                        }
                    ]
                },
                {
                    "@type": "ImageObject",
                    "inLanguage": "fi",
                    "@id": "https:\/\/visitoulufi-2025-10-14_10_27_17.test.cchosting.fi\/tiedota-kongressista\/#primaryimage",
                    "url": "https:\/\/visitoulufi-2025-10-14_10_27_17.test.cchosting.fi\/wp-content\/uploads\/2022\/10\/OCB_Herokuva2.jpg",
                    "contentUrl": "https:\/\/visitoulufi-2025-10-14_10_27_17.test.cchosting.fi\/wp-content\/uploads\/2022\/10\/OCB_Herokuva2.jpg",
                    "width": 2408,
                    "height": 1080
                },
                {
                    "@type": "BreadcrumbList",
                    "@id": "https:\/\/visitoulufi-2025-10-14_10_27_17.test.cchosting.fi\/tiedota-kongressista\/#breadcrumb",
                    "itemListElement": [
                        {
                            "@type": "ListItem",
                            "position": 1,
                            "name": "Etusivu",
                            "item": "https:\/\/visitoulufi-2025-10-14_10_27_17.test.cchosting.fi\/"
                        },
                        {
                            "@type": "ListItem",
                            "position": 2,
                            "name": "Tiedota kongressista \/ kansainv\u00e4lisest\u00e4 kokouksesta"
                        }
                    ]
                },
                {
                    "@type": "WebSite",
                    "@id": "https:\/\/visitoulufi-2025-10-14_10_27_17.test.cchosting.fi\/#website",
                    "url": "https:\/\/visitoulufi-2025-10-14_10_27_17.test.cchosting.fi\/",
                    "name": "Visit Oulu",
                    "description": "",
                    "potentialAction": [
                        {
                            "@type": "SearchAction",
                            "target": {
                                "@type": "EntryPoint",
                                "urlTemplate": "https:\/\/visitoulufi-2025-10-14_10_27_17.test.cchosting.fi\/?s={search_term_string}"
                            },
                            "query-input": {
                                "@type": "PropertyValueSpecification",
                                "valueRequired": true,
                                "valueName": "search_term_string"
                            }
                        }
                    ],
                    "inLanguage": "fi"
                }
            ]
        }
    },
    "_links": {
        "self": [
            {
                "href": "https:\/\/visitoulufi-2025-10-14_10_27_17.test.cchosting.fi\/fi\/wp-json\/wp\/v2\/pages\/2792",
                "targetHints": {
                    "allow": [
                        "GET"
                    ]
                }
            }
        ],
        "collection": [
            {
                "href": "https:\/\/visitoulufi-2025-10-14_10_27_17.test.cchosting.fi\/fi\/wp-json\/wp\/v2\/pages"
            }
        ],
        "about": [
            {
                "href": "https:\/\/visitoulufi-2025-10-14_10_27_17.test.cchosting.fi\/fi\/wp-json\/wp\/v2\/types\/page"
            }
        ],
        "author": [
            {
                "embeddable": true,
                "href": "https:\/\/visitoulufi-2025-10-14_10_27_17.test.cchosting.fi\/fi\/wp-json\/wp\/v2\/users\/15"
            }
        ],
        "replies": [
            {
                "embeddable": true,
                "href": "https:\/\/visitoulufi-2025-10-14_10_27_17.test.cchosting.fi\/fi\/wp-json\/wp\/v2\/comments?post=2792"
            }
        ],
        "version-history": [
            {
                "count": 32,
                "href": "https:\/\/visitoulufi-2025-10-14_10_27_17.test.cchosting.fi\/fi\/wp-json\/wp\/v2\/pages\/2792\/revisions"
            }
        ],
        "predecessor-version": [
            {
                "id": 12029,
                "href": "https:\/\/visitoulufi-2025-10-14_10_27_17.test.cchosting.fi\/fi\/wp-json\/wp\/v2\/pages\/2792\/revisions\/12029"
            }
        ],
        "wp:featuredmedia": [
            {
                "embeddable": true,
                "href": "https:\/\/visitoulufi-2025-10-14_10_27_17.test.cchosting.fi\/fi\/wp-json\/wp\/v2\/media\/3167"
            }
        ],
        "wp:attachment": [
            {
                "href": "https:\/\/visitoulufi-2025-10-14_10_27_17.test.cchosting.fi\/fi\/wp-json\/wp\/v2\/media?parent=2792"
            }
        ],
        "wp:term": [
            {
                "taxonomy": "author",
                "embeddable": true,
                "href": "https:\/\/visitoulufi-2025-10-14_10_27_17.test.cchosting.fi\/fi\/wp-json\/wp\/v2\/coauthors?post=2792"
            }
        ],
        "curies": [
            {
                "name": "wp",
                "href": "https:\/\/api.w.org\/{rel}",
                "templated": true
            }
        ]
    }
}